{"id":12027,"date":"2026-04-21T10:00:00","date_gmt":"2026-04-21T10:00:00","guid":{"rendered":"https:\/\/etagdigital.com\/?p=12027"},"modified":"2026-03-12T18:25:17","modified_gmt":"2026-03-12T18:25:17","slug":"calendario-comercial","status":"publish","type":"post","link":"https:\/\/etagdigital.com\/en\/calendario-comercial\/","title":{"rendered":"Calend\u00e1rio comercial: como planejar campanhas e vender o ano todo"},"content":{"rendered":"<p>O <strong>calend\u00e1rio comercial <\/strong>organiza as principais datas do ano para maximizar as suas vendas com estrat\u00e9gia e anteced\u00eancia. Ele funciona como um guia que orienta todo o planejamento de marketing, desde a cria\u00e7\u00e3o de campanhas at\u00e9 a gest\u00e3o de estoque. Em vez de agir por impulso, voc\u00ea passa a ter previsibilidade, o que permite alocar recursos de forma inteligente e criar comunica\u00e7\u00f5es muito mais relevantes para o seu p\u00fablico.&nbsp;<\/p>\n\n\n\n<p>No cen\u00e1rio digital atual, a concorr\u00eancia \u00e9 feroz e o consumidor \u00e9 bombardeado por ofertas todos os dias. Ignorar o planejamento sazonal \u00e9 como navegar sem b\u00fassola em um mar de dados e oportunidades. Um calend\u00e1rio bem definido auxilia a sua marca a se destacar, criando expectativa e conex\u00e3o com o cliente nos momentos em que ele est\u00e1 mais propenso a comprar.&nbsp;<\/p>\n\n\n\n<p>Ele transforma a correria de fim de ano em uma opera\u00e7\u00e3o orquestrada, onde cada a\u00e7\u00e3o tem um prop\u00f3sito e um objetivo claro de convers\u00e3o. Pronto para transformar o seu planejamento em vendas reais? Conte com a <a href=\"https:\/\/etagdigital.com\/en\/\"><strong>Etag Digital<\/strong><\/a><strong> <\/strong>para orquestrar cada etapa dessa jornada!<\/p>\n\n\n\n<h2 class=\"wp-block-heading\">O que \u00e9 calend\u00e1rio comercial e por que ele \u00e9 t\u00e3o importante?<\/h2>\n\n\n\n<p>O <strong>calend\u00e1rio comercial <\/strong>\u00e9 o planejamento anual que re\u00fane todas as datas estrat\u00e9gicas para o seu neg\u00f3cio, incluindo feriados, eventos sazonais e datas comemorativas. Ele vai al\u00e9m de uma simples lista, funcionando como um mapa que orienta as \u00e1reas de marketing, vendas, log\u00edstica e atendimento.&nbsp;<\/p>\n\n\n\n<figure class=\"wp-block-image aligncenter size-large\"><img fetchpriority=\"high\" decoding=\"async\" width=\"1024\" height=\"666\" src=\"https:\/\/cdn.etagdigital.com\/site-institucional\/2026\/03\/O-que-e-calendario-comercial-e-por-que-ele-e-tao-importante-1024x666.jpg\" alt=\"O que \u00e9 calend\u00e1rio comercial e por que ele \u00e9 t\u00e3o importante\" class=\"wp-image-12029\" srcset=\"https:\/\/cdn.etagdigital.com\/site-institucional\/2026\/03\/O-que-e-calendario-comercial-e-por-que-ele-e-tao-importante-1024x666.jpg 1024w, https:\/\/cdn.etagdigital.com\/site-institucional\/2026\/03\/O-que-e-calendario-comercial-e-por-que-ele-e-tao-importante-300x195.jpg 300w, https:\/\/cdn.etagdigital.com\/site-institucional\/2026\/03\/O-que-e-calendario-comercial-e-por-que-ele-e-tao-importante-768x499.jpg 768w, https:\/\/cdn.etagdigital.com\/site-institucional\/2026\/03\/O-que-e-calendario-comercial-e-por-que-ele-e-tao-importante-1536x998.jpg 1536w, https:\/\/cdn.etagdigital.com\/site-institucional\/2026\/03\/O-que-e-calendario-comercial-e-por-que-ele-e-tao-importante-18x12.jpg 18w, https:\/\/cdn.etagdigital.com\/site-institucional\/2026\/03\/O-que-e-calendario-comercial-e-por-que-ele-e-tao-importante.jpg 2000w\" sizes=\"(max-width: 1024px) 100vw, 1024px\" \/><figcaption class=\"wp-element-caption\">Fonte\/Reprodu\u00e7\u00e3o: original<\/figcaption><\/figure>\n\n\n\n<p>Com ele, a sua empresa n\u00e3o apenas reage \u00e0s datas, mas as utiliza como alavancas para o crescimento, garantindo que todos os times remem na mesma dire\u00e7\u00e3o. Pense no <strong>calend\u00e1rio comercial<\/strong> como a espinha dorsal do seu planejamento anual. Ele permite que voc\u00ea antecipe demandas, negocie melhores condi\u00e7\u00f5es com fornecedores e crie campanhas de marketing digital muito mais impactantes.&nbsp;<\/p>\n\n\n\n<p>Ao definir com clareza os picos de venda, a sua equipe consegue preparar o site, o estoque e o atendimento para oferecer a melhor experi\u00eancia ao cliente, evitando rupturas e frustra\u00e7\u00f5es. A seguir, vamos detalhar como ela se diferencia de um simples calend\u00e1rio de datas e quais os benef\u00edcios de t\u00ea-lo bem estruturado.<\/p>\n\n\n\n<h3 class=\"wp-block-heading\">Diferen\u00e7a entre calend\u00e1rio comercial e calend\u00e1rio de datas comemorativas<\/h3>\n\n\n\n<p>O calend\u00e1rio de datas comemorativas \u00e9 apenas uma lista, um lembrete de que \u201cDia das M\u00e3es\u201d ou \u201cNatal\u201d existem. J\u00e1 o <strong>calend\u00e1rio comercial<\/strong>, por outro lado, \u00e9 um documento totalmente estrat\u00e9gico.&nbsp;<\/p>\n\n\n\n<p>Ele transforma essas datas em oportunidades de neg\u00f3cio ao definir objetivos, canais de comunica\u00e7\u00e3o, tipos de oferta, metas de faturamento e a\u00e7\u00f5es espec\u00edficas para cada etapa da jornada do cliente. Enquanto um \u00e9 informa\u00e7\u00e3o, o outro \u00e9 a\u00e7\u00e3o planejada.<\/p>\n\n\n\n<h3 class=\"wp-block-heading\">Benef\u00edcios de ter um calend\u00e1rio comercial bem estruturado<\/h3>\n\n\n\n<p>Um <strong>calend\u00e1rio comercial<\/strong> muito bem estruturado traz previsibilidade financeira, o que permite que voc\u00ea projete o fluxo de caixa e prepare o or\u00e7amento de m\u00eddia com maior efici\u00eancia. Ele tamb\u00e9m otimiza a negocia\u00e7\u00e3o com fornecedores, j\u00e1 que as compras s\u00e3o antecipadas.&nbsp;<\/p>\n\n\n\n<p>No marketing, as campanhas ganham relev\u00e2ncia e assertividade, ao serem desenvolvidas com calma e alinhadas ao interesse do consumidor. O resultado \u00e9 a redu\u00e7\u00e3o de a\u00e7\u00f5es improvisadas de \u00faltima hora e um aumento consistente nas vendas.<\/p>\n\n\n\n<h2 class=\"wp-block-heading\">Quais s\u00e3o as principais datas do calend\u00e1rio comercial no Brasil?<\/h2>\n\n\n\n<p>N\u00e3o existe uma f\u00f3rmula \u00fanica, pois cada neg\u00f3cio tem o seu momento de alta. No entanto, algumas datas s\u00e3o praticamente obrigat\u00f3rias para a maioria dos varejistas no Brasil, como o \u201cDia das M\u00e3es\u201d, \u201cBlack Friday\u201d e \u201cNatal\u201d.&nbsp;<\/p>\n\n\n\n<p>Elas representam um aumento significativo no volume de buscas e na inten\u00e7\u00e3o de compra dos consumidores. A seguir, vamos explorar os principais grupos de datas e como voc\u00ea pode adapt\u00e1-las \u00e0 sua realidade, garantindo que o seu neg\u00f3cio aproveite ao m\u00e1ximo cada oportunidade.<\/p>\n\n\n\n<h3 class=\"wp-block-heading\">Datas obrigat\u00f3rias para a maioria dos neg\u00f3cios<\/h3>\n\n\n\n<p>Para qualquer e-commerce ou loja f\u00edsica, algumas datas s\u00e3o imbat\u00edveis. O \u201cDia do Consumidor\u201d (mar\u00e7o) abre o ano com foco em experi\u00eancias e ofertas. Na sequ\u00eancia, v\u00eam \u201cP\u00e1scoa\u201d, \u201cDia das M\u00e3es\u201d (maio) e \u201cDia dos Namorados\u201d (junho), que movimentam setores como moda, beleza e presentes.&nbsp;<\/p>\n\n\n\n<p>O segundo semestre \u00e9 dominado pelo \u201cDia dos Pais\u201d (agosto), \u201cDia das Crian\u00e7as\u201d (outubro) e o grande evento do varejo mundial: a \u201cBlack Friday\u201d (novembro), seguida pelo \u201cNatal\u201d (dezembro). Ignorar todas essas datas significa deixar o seu dinheiro na mesa.<\/p>\n\n\n\n<h3 class=\"wp-block-heading\">Datas sazonais por nicho e oportunidade<\/h3>\n\n\n\n<p>Al\u00e9m das datas universais, existem aquelas que s\u00e3o verdadeiros \u201cpotes de ouro\u201d para alguns nichos espec\u00edficos. O setor de educa\u00e7\u00e3o e papelaria, por exemplo, tem o seu grande momento na \u201cVolta \u00e0s Aulas\u201d (janeiro\/fevereiro). O varejo de moda e de decora\u00e7\u00e3o pode explorar \u00e0 vontade as festas juninas.&nbsp;<\/p>\n\n\n\n<p>J\u00e1 as marcas que conversam com o p\u00fablico LGBTQIAPN+ encontram no \u201cM\u00eas do Orgulho\u201d (junho) uma oportunidade real de conex\u00e3o com o p\u00fablico, de forma genu\u00edna. Analise o seu hist\u00f3rico de vendas e as tend\u00eancias do seu segmento para identificar essas oportunidades e inclu\u00ed-las no seu calend\u00e1rio.<\/p>\n\n\n\n<h3 class=\"wp-block-heading\">Como acompanhar as atualiza\u00e7\u00f5es do calend\u00e1rio comercial 2026<\/h3>\n\n\n\n<p>Manter o calend\u00e1rio atualizado \u00e9 fundamental. Para o <strong>calend\u00e1rio comercial<\/strong> 2026, consulte sempre as fontes oficiais como o site da Serasa Experian e o Sebrae, que costumam publicar guias completos com as principais datas. Blogs especializados em e-commerce e Marketing digital, como os da Nuvemshop e MLabs, tamb\u00e9m s\u00e3o \u00f3timas refer\u00eancias. Crie o h\u00e1bito de, no final de cada ano, reservar um tempo para pesquisar, validar as datas e j\u00e1 estruturar o planejamento do ano seguinte.<\/p>\n\n\n\n<h2 class=\"wp-block-heading\">Como escolher as datas certas do calend\u00e1rio comercial para o seu neg\u00f3cio<\/h2>\n\n\n\n<p>A primeira regra de ouro \u00e9: n\u00e3o tente abra\u00e7ar todas as datas do ano. Fazer uma campanha meia-boca para uma data completamente irrelevante para o seu p\u00fablico gasta energia e dinheiro que poderiam ser concentrados em momentos de maior potencial.&nbsp;<\/p>\n\n\n\n<p>A escolha das datas deve ser um exerc\u00edcio de foco e de estrat\u00e9gia, priorizando aquelas que realmente conversam com os seus produtos e com o momento de compra do seu cliente. Veja como fazer essa sele\u00e7\u00e3o de forma inteligente.<\/p>\n\n\n\n<h3 class=\"wp-block-heading\">Entenda o perfil do seu p\u00fablico e sua jornada de compra<\/h3>\n\n\n\n<p>O ponto de partida \u00e9 o seu cliente. Utilize as ferramentas de CRM e analytics do seu site para mapear o comportamento de compra ao longo do ano. Em quais meses ele mais compra? Qual o ticket m\u00e9dio em cada per\u00edodo? Que tipo de produto ele busca em cada data?&nbsp;<\/p>\n\n\n\n<p>Entender a jornada de compra do seu p\u00fablico revela os gatilhos adequados para cada momento, o que permite que voc\u00ea planeje campanhas que realmente ressoem com as suas dores e desejos.<\/p>\n\n\n\n<h3 class=\"wp-block-heading\">Cruze datas comemorativas com seu mix de produtos e servi\u00e7os<\/h3>\n\n\n\n<p>Com o perfil do cliente em m\u00e3os, \u00e9 hora de olhar para a prateleira. Fa\u00e7a um exerc\u00edcio simples: relacione cada linha de produto a uma data comercial. Uma loja de artigos esportivos pode focar em equipamentos de academia em janeiro (promessas de ano novo) e em itens para trilhas e aventuras nas f\u00e9rias de julho.&nbsp;<\/p>\n\n\n\n<p>Uma marca de cosm\u00e9ticos pode explorar o \u201cDia dos Namorados\u201d com combos para casais e o inverno com kits de hidrata\u00e7\u00e3o. Essa conex\u00e3o l\u00f3gica entre produto e data torna a campanha muito mais natural e eficaz.<\/p>\n\n\n\n<h3 class=\"wp-block-heading\">Defina objetivos claros para cada data do calend\u00e1rio comercial<\/h3>\n\n\n\n<p>Nem toda data precisa ter o mesmo objetivo. Para o \u201cDia do Consumidor\u201d, a sua meta pode ser a aquisi\u00e7\u00e3o de novos clientes, ao oferecer um desconto especial para a primeira compra. J\u00e1 na \u201cBlack Friday\u201d, o foco principal pode ser a queima de estoque e o aumento do faturamento.&nbsp;<\/p>\n\n\n\n<p>Em outras datas, como o \u201cDia dos Pais\u201d, o objetivo pode ser aumentar o ticket m\u00e9dio com combos de produtos. Definir esse direcionamento com maior clareza ajuda a desenhar as ofertas, as pe\u00e7as de comunica\u00e7\u00e3o e a m\u00e9trica de sucesso de cada campanha.<\/p>\n\n\n\n<h2 class=\"wp-block-heading\">Passo a passo para montar seu calend\u00e1rio comercial anual<\/h2>\n\n\n\n<p>Montar um <strong>calend\u00e1rio comercial<\/strong> n\u00e3o precisa ser um bicho de sete cabe\u00e7as. O segredo \u00e9 seguir um m\u00e9todo estruturado que transforme uma lista de datas em um plano de a\u00e7\u00e3o concreto. O processo envolve desde a coleta de informa\u00e7\u00f5es at\u00e9 a defini\u00e7\u00e3o de um cronograma execut\u00e1vel. A seguir, detalhamos cada passo para voc\u00ea construir o seu, garantindo que nenhuma oportunidade passe despercebida ao longo do ano.<\/p>\n\n\n\n<h3 class=\"wp-block-heading\">Passo 1: liste todas as datas relevantes do ano<\/h3>\n\n\n\n<p>Pegue um papel, uma planilha ou um documento mesmo e comece a listar. Inclua absolutamente todos os feriados nacionais, as principais datas comemorativas e comerciais (como o \u201cDia das M\u00e3es\u201d, \u201cNatal\u201d) e as datas espec\u00edficas do seu segmento (como o \u201cDia do Cliente\u201d, \u201cDia da Pizza\u201d, etc.).&nbsp;<\/p>\n\n\n\n<p>Nesta fase, o objetivo \u00e9 ter um panorama geral completo. N\u00e3o se preocupe em filtrar ainda; o importante \u00e9 n\u00e3o esquecer nenhuma oportunidade que possa, em um segundo momento, se mostrar relevante.<\/p>\n\n\n\n<h3 class=\"wp-block-heading\">Passo 2: priorize as datas com maior potencial de vendas<\/h3>\n\n\n\n<p>Com a lista completa em m\u00e3os, aplique crit\u00e9rios de prioriza\u00e7\u00e3o. Analise o hist\u00f3rico de vendas dos \u00faltimos anos: Quais datas mais trouxeram receita? Quais t\u00eam as melhores margens?&nbsp;<\/p>\n\n\n\n<p>Considere tamb\u00e9m a capacidade operacional da sua empresa e o alinhamento da data com os valores da sua marca. O ideal \u00e9 eleger de 8 a 12 datas \u201ccampe\u00e3s\u201d para um planejamento aprofundado, deixando as demais para a\u00e7\u00f5es mais leves, como uma simples publica\u00e7\u00e3o em redes sociais.<\/p>\n\n\n\n<h3 class=\"wp-block-heading\">Passo 3: defina campanhas, ofertas e posicionamento por data<\/h3>\n\n\n\n<p>Para cada data priorizada, \u00e9 hora de dar vida \u00e0 campanha. Qual ser\u00e1 o tema da comunica\u00e7\u00e3o? Uma marca de moda pode usar o empoderamento feminino no \u201cDia da Mulher\u201d e o acolhimento no \u201cDia das M\u00e3es\u201d.&nbsp;<\/p>\n\n\n\n<p>Defina os produtos que ser\u00e3o ofertados, o tipo de desconto (progressivo, leve 3 pague 2, frete gr\u00e1tis) e a narrativa que ser\u00e1 contada. Essa defini\u00e7\u00e3o pr\u00e9via garante que a campanha tenha personalidade e n\u00e3o seja apenas mais um \u201cX% de desconto\u201d.<\/p>\n\n\n\n<h3 class=\"wp-block-heading\">Passo 4: distribua as a\u00e7\u00f5es ao longo da jornada do cliente<\/h3>\n\n\n\n<p>Uma campanha de sucesso n\u00e3o se resume ao dia da data. Pense na jornada completa. No <strong>topo do funil<\/strong>, crie conte\u00fado de blog ou de redes sociais para gerar awareness e dicas de presentes.&nbsp;<\/p>\n\n\n\n<p>No <strong>meio do funil<\/strong>, use e-mail marketing e notifica\u00e7\u00f5es para apresentar os seus produtos e ofertas. No <strong>fundo do funil<\/strong>, prepare a\u00e7\u00f5es de recupera\u00e7\u00e3o de carrinho e urg\u00eancia para quem j\u00e1 demonstrou interesse, mas n\u00e3o finalizou a compra. Distribuir as a\u00e7\u00f5es no tempo aumenta as chances de convers\u00e3o.<\/p>\n\n\n\n<h3 class=\"wp-block-heading\">Passo 5: organize o calend\u00e1rio comercial em um documento ou ferramenta<\/h3>\n\n\n\n<p>Por fim, centralize tudo. Uma planilha bem estruturada j\u00e1 resolve, com abas para cada data, cronograma de a\u00e7\u00f5es, respons\u00e1veis e or\u00e7amento. Mas, para ir al\u00e9m, ferramentas de automa\u00e7\u00e3o de marketing e CRM permitem orquestrar essas a\u00e7\u00f5es integradamente.&nbsp;<\/p>\n\n\n\n<p>\u00c9 aqui que a <strong>Etag Digital<\/strong> se torna a sua grande aliada, automatizando disparos personalizados no timing correto e garantindo que o seu calend\u00e1rio saia do papel e gere resultados reais.<\/p>\n\n\n\n<h2 class=\"wp-block-heading\">Como usar o calend\u00e1rio comercial nas suas campanhas de marketing digital<\/h2>\n\n\n\n<p>De nada adianta um calend\u00e1rio cheio de datas se ele n\u00e3o se traduzir em a\u00e7\u00f5es nos canais de comunica\u00e7\u00e3o com o cliente. O grande segredo \u00e9 us\u00e1-lo como um guia para integrar as suas campanhas, criando uma experi\u00eancia omnichannel fluida.&nbsp;<\/p>\n\n\n\n<p>As a\u00e7\u00f5es n\u00e3o podem ser isoladas; cada ponto de contato deve conversar com o outro, guiando o cliente at\u00e9 a convers\u00e3o. Veja como aplicar isso na pr\u00e1tica, dos canais de comunica\u00e7\u00e3o \u00e0 medi\u00e7\u00e3o de resultados.<\/p>\n\n\n\n<h3 class=\"wp-block-heading\">Integra\u00e7\u00e3o com e-mail marketing, SMS, WhatsApp e notifica\u00e7\u00f5es<\/h3>\n\n\n\n<p>O seu <strong>calend\u00e1rio comercial <\/strong>dita o ritmo para todos os canais. Planeje com anteced\u00eancia uma sequ\u00eancia de disparos de e-mail marketing, a come\u00e7ar com um teaser, passando pela apresenta\u00e7\u00e3o de ofertas e finalizando com um lembrete de \u00faltima hora.&nbsp;<\/p>\n\n\n\n<p>Utilize o WhatsApp para um contato mais direto e personalizado com leads quentes. As notifica\u00e7\u00f5es push (como as do<strong> <\/strong><a href=\"https:\/\/etagdigital.com\/en\/tagpush\/\"><strong>TagPush<\/strong><\/a> da <a href=\"https:\/\/etagdigital.com\/en\/\"><strong>Etag<\/strong><\/a>) s\u00e3o perfeitas para criar urg\u00eancia e chamar a aten\u00e7\u00e3o de quem est\u00e1 navegando no site. A chave \u00e9 a complementaridade: cada canal com uma fun\u00e7\u00e3o espec\u00edfica na jornada.<\/p>\n\n\n\n<h3 class=\"wp-block-heading\">Calend\u00e1rio comercial para e-commerce e lojas f\u00edsicas<\/h3>\n\n\n\n<p>Para o e-commerce, o calend\u00e1rio orienta a\u00e7\u00f5es de UX no site (como banners e pop-ups), prepara\u00e7\u00e3o do estoque para picos de acesso e otimiza\u00e7\u00e3o do checkout. J\u00e1 para a loja f\u00edsica, o foco est\u00e1 na experi\u00eancia sensorial, no treinamento da equipe de vendas e na cria\u00e7\u00e3o de um ambiente tem\u00e1tico.&nbsp;<\/p>\n\n\n\n<p>A integra\u00e7\u00e3o entre esses dois mundos \u00e9 um diferencial extremamente poderoso: o cliente pode pesquisar online e retirar o produto na loja, ou vice-versa, e o seu calend\u00e1rio deve prever essa fluidez.<\/p>\n\n\n\n<h3 class=\"wp-block-heading\">Como medir resultados e otimizar seu calend\u00e1rio comercial<\/h3>\n\n\n\n<p>Ap\u00f3s cada campanha, a an\u00e1lise \u00e9 obrigat\u00f3ria. Acompanhe KPIs como faturamento, ticket m\u00e9dio, taxa de convers\u00e3o e custo de aquisi\u00e7\u00e3o de clientes (CAC) para aquela data espec\u00edfica.&nbsp;<\/p>\n\n\n\n<p>O que funcionou? O que pode ser melhorado? As ofertas foram atrativas? O timing dos disparos estava correto? Essas respostas ir\u00e3o alimentar o <strong>calend\u00e1rio comercial <\/strong>do ano seguinte, o que o torna ainda mais preciso, as campanhas mais rent\u00e1veis e a sua marca mais preparada para o futuro.<\/p>\n\n\n\n<h2 class=\"wp-block-heading\">Exemplos pr\u00e1ticos de campanhas por datas do calend\u00e1rio comercial<\/h2>\n\n\n\n<p>Para te ajudar a visualizar na pr\u00e1tica como aplicar tudo o que falamos, selecionamos tr\u00eas datas extremamente relevantes e criamos alguns exemplos de como estruturar uma campanha do in\u00edcio ao fim.&nbsp;<\/p>\n\n\n\n<p>Lembre-se: estes s\u00e3o modelos que voc\u00ea pode (e deve) adaptar para a realidade, o tom de voz e os produtos da sua marca. O mais importante \u00e9 manter a consist\u00eancia e a relev\u00e2ncia da comunica\u00e7\u00e3o.<\/p>\n\n\n\n<h3 class=\"wp-block-heading\">Exemplo de campanha para o Dia das M\u00e3es<\/h3>\n\n\n\n<p>O \u201cDia das M\u00e3es\u201d \u00e9 uma das datas mais fortes do varejo e exige um planejamento que come\u00e7a com semanas de anteced\u00eancia. O objetivo principal \u00e9 gerar desejo e facilitar a escolha do presente, j\u00e1 que muitos consumidores deixam para a \u00faltima hora.&nbsp;<\/p>\n\n\n\n<p>A comunica\u00e7\u00e3o deve apelar para o emocional, mas sem perder de vista a praticidade e as solu\u00e7\u00f5es de presente que a loja oferece. A seguir, um exemplo de como estruturar essa campanha em etapas.&nbsp;<\/p>\n\n\n\n<figure class=\"wp-block-table\"><table class=\"has-fixed-layout\"><tbody><tr><td><strong>Etapa da Campanha<\/strong><\/td><td><strong>Per\u00edodo<\/strong><\/td><td><strong>Objetivo<\/strong><\/td><td><strong>A\u00e7\u00f5es Sugeridas<\/strong><\/td><td><strong>Canais Indicados<\/strong><\/td><\/tr><tr><td>Aquecimento \/ Teaser<\/td><td>4 a 3 semanas antes<\/td><td>Gerar awareness e engajamento<\/td><td>Posts sobre tipos de m\u00e3e, enquetes (\u201co que dar para a m\u00e3e que j\u00e1 tem tudo?\u201d), blog post com dicas de presentes<\/td><td>Blog, Redes Sociais<\/td><\/tr><tr><td>Apresenta\u00e7\u00e3o de Ofertas<\/td><td>3 a 2 semanas antes<\/td><td>Apresentar o cat\u00e1logo de presentes<\/td><td>Categorizar produtos por \u201cperfil de m\u00e3e\u201d (moderna, cl\u00e1ssica, aventureira). Enviar e-mail com as principais sugest\u00f5es<\/td><td>E-mail Marketing, Site (Com <a href=\"https:\/\/etagdigital.com\/en\/tagsearch\/\"><strong>TagSearch<\/strong><\/a>)<\/td><\/tr><tr><td>Cria\u00e7\u00e3o de Urg\u00eancia<\/td><td>1 semana antes<\/td><td>Converter indecisos e os que deixaram para a \u00faltima hora<\/td><td>Destacar prazos de entrega, frete gr\u00e1tis e ofertas \u201cprontas para entrega\u201d. Usar pop-ups com contador regressivo<\/td><td>Push Notification (<a href=\"https:\/\/etagdigital.com\/en\/tagpush\/\"><strong>TagPush<\/strong><\/a>), WhatsApp (<a href=\"https:\/\/etagdigital.com\/en\/tagsocial\/\"><strong>TagSocial<\/strong><\/a>)<\/td><\/tr><tr><td>P\u00f3s-Venda<\/td><td>Ap\u00f3s o Dia das M\u00e3es<\/td><td>Fidelizar e agradecer<\/td><td>Enviar e-mail de agradecimento pela compra, oferecer desconto exclusivo para a pr\u00f3xima compra (ex: Dia dos Namorados) e solicitar avalia\u00e7\u00e3o do produto<\/td><td>E-mail Marketing, SMS<\/td><\/tr><\/tbody><\/table><\/figure>\n\n\n\n<p>Essa estrutura em etapas garante que a sua marca esteja presente em todos os momentos da decis\u00e3o de compra do cliente. No per\u00edodo de aquecimento, voc\u00ea educa e engaja. Na apresenta\u00e7\u00e3o, voc\u00ea facilita a escolha. Na urg\u00eancia, voc\u00ea captura os indecisos. Por fim, o p\u00f3s-venda transforma um comprador de ocasi\u00e3o em um cliente fidelizado, j\u00e1 pensando na pr\u00f3xima data do <strong>calend\u00e1rio comercial<\/strong>.<\/p>\n\n\n\n<h3 class=\"wp-block-heading\">Exemplo de campanha para o Dia do Consumidor<\/h3>\n\n\n\n<p>O \u201cDia do Consumidor\u201d (15 de mar\u00e7o) \u00e9 a data perfeita para fortalecer o relacionamento com a base e mostrar que voc\u00ea valoriza quem j\u00e1 compra com voc\u00ea. Diferente de outras datas, o foco aqui n\u00e3o precisa ser apenas no desconto agressivo, mas na experi\u00eancia e em benef\u00edcios exclusivos. \u00c9 uma oportunidade de ouro para reativar clientes antigos e transformar compradores ocasionais em f\u00e3s da marca.&nbsp;<\/p>\n\n\n\n<figure class=\"wp-block-table\"><table class=\"has-fixed-layout\"><tbody><tr><td><strong>Etapa da Campanha<\/strong><\/td><td><strong>Per\u00edodo<\/strong><\/td><td><strong>Objetivo<\/strong><\/td><td><strong>A\u00e7\u00f5es Sugeridas<\/strong><\/td><td><strong>Canais Indicados<\/strong><\/td><\/tr><tr><td>Segmenta\u00e7\u00e3o da Base<\/td><td>2 Semanas antes<\/td><td>Identificar perfis para comunica\u00e7\u00e3o personalizada<\/td><td>Separar a base em: clientes inativos, clientes ativos e clientes top buyers<\/td><td>CRM \/ Analytics<\/td><\/tr><tr><td>Ofertas Exclusivas e Surpresa<\/td><td>Semana do Dia do Consumidor<\/td><td>Reativar e recompensar<\/td><td>Para inativos: e-mail com \u201cSaudades, volta com 15% off\u201d. Para ativos: desconto progressivo. Para top buyers: acesso antecipado \u00e0s ofertas ou brinde supresa<\/td><td>E-mail Marketing, WhatsApp (<a href=\"https:\/\/etagdigital.com\/en\/tagsocial\/\"><strong>TagSocial<\/strong><\/a>)<\/td><\/tr><tr><td>Gamifica\u00e7\u00e3o e Intera\u00e7\u00e3o<\/td><td>Durante todo o dia<\/td><td>Aumentar o engajamento e o ticket m\u00e9dio<\/td><td>Criar um \u201cjogo\u201d no site onde o cliente ganha um cupom misterioso ao finalizar a compra. Usar um overlay para sugerir produtos complementares<\/td><td>Site (com <a href=\"https:\/\/etagdigital.com\/en\/tagwidget\/\"><strong>TagWidget <\/strong><\/a>and <a href=\"https:\/\/etagdigital.com\/en\/tagassist\/\"><strong>TagAssist<\/strong><\/a>)<\/td><\/tr><tr><td>Recupera\u00e7\u00e3o de Carrinho<\/td><td>P\u00f3s-Campanha<\/td><td>N\u00e3o deixar as vendas escaparem<\/td><td>Disparar uma r\u00e9gua de at\u00e9 3 e-mails ou mensagens de WhatsApp para quem abandonou o carrinho, lembrando da oferta especial do Dia do Consumidor<\/td><td>E-mail Marketing (<a href=\"https:\/\/etagdigital.com\/en\/tagmail\/\"><strong>TagMail<\/strong><\/a>), WhatsApp (<a href=\"https:\/\/etagdigital.com\/en\/tagsocial\/\"><strong>TagSocial<\/strong><\/a>)<\/td><\/tr><\/tbody><\/table><\/figure>\n\n\n\n<p>O sucesso do \u201cDia do Consumidor\u201d est\u00e1 na personaliza\u00e7\u00e3o. Uma comunica\u00e7\u00e3o gen\u00e9rica tem pouco efeito. Ao segmentar a sua base e oferecer benef\u00edcios alinhados ao est\u00e1gio de relacionamento de cada cliente, voc\u00ea demonstra cuidado e aumenta drasticamente as chances de convers\u00e3o.&nbsp;<\/p>\n\n\n\n<p>Todas essas a\u00e7\u00f5es de gamifica\u00e7\u00e3o e recupera\u00e7\u00e3o de carrinho, por sua vez, garantem que voc\u00ea possa maximizar completamente o resultado de cada lead qualificado que chegou at\u00e9 o seu site.<\/p>\n\n\n\n<h3 class=\"wp-block-heading\">Exemplo de campanha para Black Friday e Natal<\/h3>\n\n\n\n<p>A reta final do ano \u00e9 o momento mais cr\u00edtico e lucrativo para o varejo. A \u201c<a href=\"https:\/\/pt.wikipedia.org\/wiki\/Black_Friday\" type=\"link\" id=\"https:\/\/pt.wikipedia.org\/wiki\/Black_Friday\" target=\"_blank\" rel=\"noreferrer noopener\">Black Friday<\/a>\u201d \u00e9 a largada para as compras de \u201cNatal\u201d, e as duas campanhas precisam estar perfeitamente conectadas.\u00a0<\/p>\n\n\n\n<p>O planejamento aqui deve ser ainda mais minucioso, com foco em log\u00edstica, estoque e uma comunica\u00e7\u00e3o que una a urg\u00eancia da \u201cBlack Friday\u201d com o apelo emocional do \u201cNatal\u201d. O objetivo \u00e9 guiar o cliente desde a busca pela melhor oferta at\u00e9 a compra do presente perfeito.&nbsp;<\/p>\n\n\n\n<figure class=\"wp-block-table\"><table class=\"has-fixed-layout\"><tbody><tr><td><strong>Etapa da Campanha<\/strong><\/td><td><strong>Per\u00edodo<\/strong><\/td><td><strong>Objetivo<\/strong><\/td><td><strong>A\u00e7\u00f5es Sugeridas<\/strong><\/td><td><strong>Canais Indicados<\/strong><\/td><\/tr><tr><td>Pr\u00e9-Black Friday (Teaser)<\/td><td>Outubro a meados de Novembro<\/td><td>Gerar expectativa e capturar leads<\/td><td>Landing Page com \u201cSegredos\u201d que ser\u00e3o revelados na Black Friday. Campanha de e-mail mostrando \u201cO que teve no ano passado\u201d. Posts com dicas para n\u00e3o cair em armadilhas<\/td><td>Site, E-mail Marketing, Redes Sociais<\/td><\/tr><tr><td>Black Friday (O Grande Dia)<\/td><td>Semana da Black Friday<\/td><td>Maximizar o faturamento e queimar o estoque<\/td><td>Ofertas rel\u00e2mpago no site ao longo do dia. Uso intenso de pop-ups de sa\u00edda (<a href=\"https:\/\/etagdigital.com\/en\/tagpush\/\"><strong>TagPush<\/strong><\/a>) para capturar quem vai embora. Comunica\u00e7\u00e3o constante nos canais pr\u00f3prios<\/td><td>Push Notification, E-mail Marketing, WhatsApp<\/td><\/tr><tr><td>P\u00f3s-Black Friday \/ Pr\u00e9-Natal<\/td><td>Dezembro (1\u00aa e 2\u00aa Semana)<\/td><td>Converter quem comprou na Black Friday em presentes de Natal<\/td><td>Criar combos de produtos com \u201cembalagem para presente\u201d. Comunica\u00e7\u00e3o com foco em \u201cpresente certeiro\u201d e \u201centrega garantida at\u00e9 o Natal\u201d.<\/td><td>E-mail Marketing, Site (com <a href=\"https:\/\/etagdigital.com\/en\/tagsearch\/\"><strong>TagSearch<\/strong><\/a>)<\/td><\/tr><tr><td>Natal (\u00daltima Chamada)<\/td><td>Semana do Natal<\/td><td>Capturar os compradores de \u00faltima hora<\/td><td>Destacar produtos com entrega expressa. Oferecer vale-presente digital como solu\u00e7\u00e3o para quem n\u00e3o sabe o que comprar.&nbsp;<\/td><td>Push Notification, SMS, Site<\/td><\/tr><tr><td>P\u00f3s-Natal<\/td><td>Final de Dezembro e Janeiro<\/td><td>Queimar saldos e fidelizar<\/td><td>Campanha de liquida\u00e7\u00e3o p\u00f3s-Natal. E-mail de agradecimento e \u201cFeliz Ano Novo\u201d com pr\u00e9via das tend\u00eancias para o pr\u00f3ximo ano.&nbsp;<\/td><td>E-mail Marketing, Redes Sociais<\/td><\/tr><\/tbody><\/table><\/figure>\n\n\n\n<p>Planejar \u201cBlack Friday\u201d e \u201cNatal\u201d de forma integrada evita o temido \u201cburaco\u201d de vendas entre novembro e dezembro. A \u201cBlack Friday\u201d serve para atrair um grande volume de tr\u00e1fego e capturar leads.&nbsp;<\/p>\n\n\n\n<p>No per\u00edodo seguinte, voc\u00ea nutre esses leads com conte\u00fado focado em presentes de \u201cNatal\u201d. No p\u00f3s-Natal, voc\u00ea fideliza os novos clientes e d\u00e1 vaz\u00e3o ao estoque remanescente. \u00c9 um ciclo virtuoso que, quando bem orquestrado, garante um fechamento de ano excepcional.&nbsp;<\/p>\n\n\n\n<h2 class=\"wp-block-heading\">Como a Etag Digital ajuda a colocar seu calend\u00e1rio comercial em pr\u00e1tica<\/h2>\n\n\n\n<p>A <strong>Etag Digital<\/strong> \u00e9 a ponte entre o seu planejamento no papel e a execu\u00e7\u00e3o inteligente e automatizada que gera os melhores resultados. Nossa su\u00edte de produtos atua em todas as etapas da jornada do cliente, o que garante que, a cada campanha do seu <strong>calend\u00e1rio comercial<\/strong>, sejam entregues \u00e0 pessoa certa, no momento exato e pelo canal mais adequado e relevante naquele momento.&nbsp;<\/p>\n\n\n\n<p>N\u00e3o se trata apenas de disparar mensagens, mas de orquestrar uma experi\u00eancia de compra fluida e personalizada. Imagine um cliente que chega ao seu site em outubro, atra\u00eddo por um conte\u00fado sobre dicas de presentes de Natal. Com o <strong>TagSearch<\/strong>, ele encontra facilmente os produtos que voc\u00ea procura.&nbsp;<\/p>\n\n\n\n<p>Se ele demonstrar interesse, mas sair sem comprar, o <strong>TagPush<\/strong> pode captur\u00e1-lo como assinante e, mais tarde, lembr\u00e1-lo das ofertas de \u201cBlack Friday\u201d. Quando ele voltar e adicionar produtos ao carrinho, mas desistir no final, o <strong>TagMail<\/strong> ou o <strong>TagSocial<\/strong> entrar\u00e1 em a\u00e7\u00e3o com uma comunica\u00e7\u00e3o \u00e9tica e personalizada para recuperar essa venda.&nbsp;<\/p>\n\n\n\n<p>Tudo isso baseado em dados comportamentais em tempo real, respeitando a privacidade do usu\u00e1rio e potencializando cada momento do seu calend\u00e1rio. Fale com um de nossos especialistas e descubra como transformar as suas datas comerciais em convers\u00e3o real.<\/p>\n\n    <div class=\"xs_social_share_widget xs_share_url after_content \t\tmain_content  wslu-style-1 wslu-share-box-shaped wslu-fill-colored wslu-none wslu-share-horizontal wslu-theme-font-no wslu-main_content\">\n\n\t\t\n        <ul>\n\t\t\t        <\/ul>\n    <\/div>","protected":false},"excerpt":{"rendered":"<p>O calend\u00e1rio comercial organiza as principais datas do ano para maximizar as suas vendas com estrat\u00e9gia e anteced\u00eancia. Ele funciona como um guia que orienta todo o planejamento de marketing, desde a cria\u00e7\u00e3o de campanhas at\u00e9 a gest\u00e3o de estoque. Em vez de agir por impulso, voc\u00ea passa a ter previsibilidade, o que permite alocar [&hellip;]<\/p>\n","protected":false},"author":1,"featured_media":12028,"comment_status":"open","ping_status":"open","sticky":false,"template":"","format":"standard","meta":{"postBodyCss":"","postBodyMargin":[],"postBodyPadding":[],"postBodyBackground":{"backgroundType":"classic","gradient":""},"site-sidebar-layout":"default","site-content-layout":"","ast-site-content-layout":"default","site-content-style":"default","site-sidebar-style":"default","ast-global-header-display":"","ast-banner-title-visibility":"","ast-main-header-display":"","ast-hfb-above-header-display":"","ast-hfb-below-header-display":"","ast-hfb-mobile-header-display":"","site-post-title":"","ast-breadcrumbs-content":"","ast-featured-img":"","footer-sml-layout":"","theme-transparent-header-meta":"","adv-header-id-meta":"","stick-header-meta":"","header-above-stick-meta":"","header-main-stick-meta":"","header-below-stick-meta":"","astra-migrate-meta-layouts":"set","ast-page-background-enabled":"default","ast-page-background-meta":{"desktop":{"background-color":"","background-image":"","background-repeat":"repeat","background-position":"center center","background-size":"auto","background-attachment":"scroll","background-type":"","background-media":"","overlay-type":"","overlay-color":"","overlay-opacity":"","overlay-gradient":""},"tablet":{"background-color":"","background-image":"","background-repeat":"repeat","background-position":"center center","background-size":"auto","background-attachment":"scroll","background-type":"","background-media":"","overlay-type":"","overlay-color":"","overlay-opacity":"","overlay-gradient":""},"mobile":{"background-color":"","background-image":"","background-repeat":"repeat","background-position":"center center","background-size":"auto","background-attachment":"scroll","background-type":"","background-media":"","overlay-type":"","overlay-color":"","overlay-opacity":"","overlay-gradient":""}},"ast-content-background-meta":{"desktop":{"background-color":"var(--ast-global-color-5)","background-image":"","background-repeat":"repeat","background-position":"center center","background-size":"auto","background-attachment":"scroll","background-type":"","background-media":"","overlay-type":"","overlay-color":"","overlay-opacity":"","overlay-gradient":""},"tablet":{"background-color":"var(--ast-global-color-5)","background-image":"","background-repeat":"repeat","background-position":"center center","background-size":"auto","background-attachment":"scroll","background-type":"","background-media":"","overlay-type":"","overlay-color":"","overlay-opacity":"","overlay-gradient":""},"mobile":{"background-color":"var(--ast-global-color-5)","background-image":"","background-repeat":"repeat","background-position":"center center","background-size":"auto","background-attachment":"scroll","background-type":"","background-media":"","overlay-type":"","overlay-color":"","overlay-opacity":"","overlay-gradient":""}},"_jetpack_memberships_contains_paid_content":false,"footnotes":""},"categories":[124,127],"tags":[],"class_list":["post-12027","post","type-post","status-publish","format-standard","has-post-thumbnail","hentry","category-marketing","category-vendas"],"yoast_head":"<!-- This site is optimized with the Yoast SEO plugin v27.4 - https:\/\/yoast.com\/product\/yoast-seo-wordpress\/ -->\n<title>Calend\u00e1rio comercial: como planejar campanhas e vender o ano todo - Etag Digital<\/title>\n<meta name=\"description\" content=\"Organize seu calend\u00e1rio comercial 2026 e venda mais em todas as datas importantes! A Etag Digital automatiza as suas campanhas com personaliza\u00e7\u00e3o.\" \/>\n<meta name=\"robots\" content=\"index, follow, max-snippet:-1, max-image-preview:large, max-video-preview:-1\" \/>\n<link rel=\"canonical\" href=\"https:\/\/etagdigital.com\/en\/calendario-comercial\/\" \/>\n<meta property=\"og:locale\" content=\"en_US\" \/>\n<meta property=\"og:type\" content=\"article\" \/>\n<meta property=\"og:title\" content=\"Calend\u00e1rio comercial: como planejar campanhas e vender o ano todo - Etag Digital\" \/>\n<meta property=\"og:description\" content=\"Organize seu calend\u00e1rio comercial 2026 e venda mais em todas as datas importantes! A Etag Digital automatiza as suas campanhas com personaliza\u00e7\u00e3o.\" \/>\n<meta property=\"og:url\" content=\"https:\/\/etagdigital.com\/en\/calendario-comercial\/\" \/>\n<meta property=\"og:site_name\" content=\"Etag Digital\" \/>\n<meta property=\"article:publisher\" content=\"https:\/\/www.facebook.com\/etagdigital\" \/>\n<meta property=\"article:published_time\" content=\"2026-04-21T10:00:00+00:00\" \/>\n<meta property=\"og:image\" content=\"https:\/\/cdn.etagdigital.com\/site-institucional\/2026\/03\/Calendario-comercial-como-planejar-campanhas-e-vender-o-ano-todo.jpg\" \/>\n\t<meta property=\"og:image:width\" content=\"2000\" \/>\n\t<meta property=\"og:image:height\" content=\"1300\" \/>\n\t<meta property=\"og:image:type\" content=\"image\/jpeg\" \/>\n<meta name=\"author\" content=\"Juliana Custodio\" \/>\n<meta name=\"twitter:card\" content=\"summary_large_image\" \/>\n<meta name=\"twitter:creator\" content=\"@etagdigital\" \/>\n<meta name=\"twitter:site\" content=\"@etagdigital\" \/>\n<meta name=\"twitter:label1\" content=\"Written by\" \/>\n\t<meta name=\"twitter:data1\" content=\"Juliana Custodio\" \/>\n\t<meta name=\"twitter:label2\" content=\"Est. reading time\" \/>\n\t<meta name=\"twitter:data2\" content=\"20 minutes\" \/>\n<!-- \/ Yoast SEO plugin. -->","yoast_head_json":{"title":"Calend\u00e1rio comercial: como planejar campanhas e vender o ano todo - Etag Digital","description":"Organize seu calend\u00e1rio comercial 2026 e venda mais em todas as datas importantes! A Etag Digital automatiza as suas campanhas com personaliza\u00e7\u00e3o.","robots":{"index":"index","follow":"follow","max-snippet":"max-snippet:-1","max-image-preview":"max-image-preview:large","max-video-preview":"max-video-preview:-1"},"canonical":"https:\/\/etagdigital.com\/en\/calendario-comercial\/","og_locale":"en_US","og_type":"article","og_title":"Calend\u00e1rio comercial: como planejar campanhas e vender o ano todo - Etag Digital","og_description":"Organize seu calend\u00e1rio comercial 2026 e venda mais em todas as datas importantes! A Etag Digital automatiza as suas campanhas com personaliza\u00e7\u00e3o.","og_url":"https:\/\/etagdigital.com\/en\/calendario-comercial\/","og_site_name":"Etag Digital","article_publisher":"https:\/\/www.facebook.com\/etagdigital","article_published_time":"2026-04-21T10:00:00+00:00","og_image":[{"width":2000,"height":1300,"url":"https:\/\/cdn.etagdigital.com\/site-institucional\/2026\/03\/Calendario-comercial-como-planejar-campanhas-e-vender-o-ano-todo.jpg","type":"image\/jpeg"}],"author":"Juliana Custodio","twitter_card":"summary_large_image","twitter_creator":"@etagdigital","twitter_site":"@etagdigital","twitter_misc":{"Written by":"Juliana Custodio","Est. reading time":"20 minutes"},"schema":{"@context":"https:\/\/schema.org","@graph":[{"@type":"Article","@id":"https:\/\/etagdigital.com\/calendario-comercial\/#article","isPartOf":{"@id":"https:\/\/etagdigital.com\/calendario-comercial\/"},"author":{"name":"Juliana Custodio","@id":"https:\/\/etagdigital.com\/#\/schema\/person\/27c86f2a3ef288f8225d94d7eb71b4f4"},"headline":"Calend\u00e1rio comercial: como planejar campanhas e vender o ano todo","datePublished":"2026-04-21T10:00:00+00:00","mainEntityOfPage":{"@id":"https:\/\/etagdigital.com\/calendario-comercial\/"},"wordCount":3704,"commentCount":0,"publisher":{"@id":"https:\/\/etagdigital.com\/#organization"},"image":{"@id":"https:\/\/etagdigital.com\/calendario-comercial\/#primaryimage"},"thumbnailUrl":"https:\/\/cdn.etagdigital.com\/site-institucional\/2026\/03\/Calendario-comercial-como-planejar-campanhas-e-vender-o-ano-todo.jpg","articleSection":["Marketing","Vendas"],"inLanguage":"en-US","potentialAction":[{"@type":"CommentAction","name":"Comment","target":["https:\/\/etagdigital.com\/calendario-comercial\/#respond"]}]},{"@type":"WebPage","@id":"https:\/\/etagdigital.com\/calendario-comercial\/","url":"https:\/\/etagdigital.com\/calendario-comercial\/","name":"Calend\u00e1rio comercial: como planejar campanhas e vender o ano todo - Etag Digital","isPartOf":{"@id":"https:\/\/etagdigital.com\/#website"},"primaryImageOfPage":{"@id":"https:\/\/etagdigital.com\/calendario-comercial\/#primaryimage"},"image":{"@id":"https:\/\/etagdigital.com\/calendario-comercial\/#primaryimage"},"thumbnailUrl":"https:\/\/cdn.etagdigital.com\/site-institucional\/2026\/03\/Calendario-comercial-como-planejar-campanhas-e-vender-o-ano-todo.jpg","datePublished":"2026-04-21T10:00:00+00:00","description":"Organize seu calend\u00e1rio comercial 2026 e venda mais em todas as datas importantes! A Etag Digital automatiza as suas campanhas com personaliza\u00e7\u00e3o.","breadcrumb":{"@id":"https:\/\/etagdigital.com\/calendario-comercial\/#breadcrumb"},"inLanguage":"en-US","potentialAction":[{"@type":"ReadAction","target":["https:\/\/etagdigital.com\/calendario-comercial\/"]}]},{"@type":"ImageObject","inLanguage":"en-US","@id":"https:\/\/etagdigital.com\/calendario-comercial\/#primaryimage","url":"https:\/\/cdn.etagdigital.com\/site-institucional\/2026\/03\/Calendario-comercial-como-planejar-campanhas-e-vender-o-ano-todo.jpg","contentUrl":"https:\/\/cdn.etagdigital.com\/site-institucional\/2026\/03\/Calendario-comercial-como-planejar-campanhas-e-vender-o-ano-todo.jpg","width":2000,"height":1300,"caption":"Fonte\/Reprodu\u00e7\u00e3o: original"},{"@type":"BreadcrumbList","@id":"https:\/\/etagdigital.com\/calendario-comercial\/#breadcrumb","itemListElement":[{"@type":"ListItem","position":1,"name":"In\u00edcio","item":"https:\/\/etagdigital.com\/"},{"@type":"ListItem","position":2,"name":"Calend\u00e1rio comercial: como planejar campanhas e vender o ano todo"}]},{"@type":"WebSite","@id":"https:\/\/etagdigital.com\/#website","url":"https:\/\/etagdigital.com\/","name":"Etag Digital","description":"","publisher":{"@id":"https:\/\/etagdigital.com\/#organization"},"potentialAction":[{"@type":"SearchAction","target":{"@type":"EntryPoint","urlTemplate":"https:\/\/etagdigital.com\/?s={search_term_string}"},"query-input":{"@type":"PropertyValueSpecification","valueRequired":true,"valueName":"search_term_string"}}],"inLanguage":"en-US"},{"@type":"Organization","@id":"https:\/\/etagdigital.com\/#organization","name":"Etag Digital","alternateName":"Etag Digital","url":"https:\/\/etagdigital.com\/","logo":{"@type":"ImageObject","inLanguage":"en-US","@id":"https:\/\/etagdigital.com\/#\/schema\/logo\/image\/","url":"https:\/\/cdn.etagdigital.com\/site-institucional\/2024\/11\/logo-principal.png","contentUrl":"https:\/\/cdn.etagdigital.com\/site-institucional\/2024\/11\/logo-principal.png","width":606,"height":252,"caption":"Etag Digital"},"image":{"@id":"https:\/\/etagdigital.com\/#\/schema\/logo\/image\/"},"sameAs":["https:\/\/www.facebook.com\/etagdigital","https:\/\/x.com\/etagdigital","https:\/\/www.linkedin.com\/company\/etag-digital\/","https:\/\/www.instagram.com\/etagdigital\/","https:\/\/www.youtube.com\/@etagdigital3207"]},{"@type":"Person","@id":"https:\/\/etagdigital.com\/#\/schema\/person\/27c86f2a3ef288f8225d94d7eb71b4f4","name":"Juliana Custodio","image":{"@type":"ImageObject","inLanguage":"en-US","@id":"https:\/\/cdn.etagdigital.com\/site-institucional\/2025\/08\/Juliana-Custodio-150x150.png","url":"https:\/\/cdn.etagdigital.com\/site-institucional\/2025\/08\/Juliana-Custodio-150x150.png","contentUrl":"https:\/\/cdn.etagdigital.com\/site-institucional\/2025\/08\/Juliana-Custodio-150x150.png","caption":"Juliana Custodio"},"description":"Founder of Etag Digital, with a degree in Business and an MBA from the University of Gloucestershire, she brings over 15 years of experience in digital marketing and a track record of success in creating international startups.","sameAs":["https:\/\/etagdigital.com\/","https:\/\/www.linkedin.com\/in\/juliana-custodio--8741b728\/"],"url":"https:\/\/etagdigital.com\/en\/author\/etagboss\/"}]}},"jetpack_featured_media_url":"https:\/\/cdn.etagdigital.com\/site-institucional\/2026\/03\/Calendario-comercial-como-planejar-campanhas-e-vender-o-ano-todo.jpg","jetpack_sharing_enabled":true,"_links":{"self":[{"href":"https:\/\/etagdigital.com\/en\/wp-json\/wp\/v2\/posts\/12027","targetHints":{"allow":["GET"]}}],"collection":[{"href":"https:\/\/etagdigital.com\/en\/wp-json\/wp\/v2\/posts"}],"about":[{"href":"https:\/\/etagdigital.com\/en\/wp-json\/wp\/v2\/types\/post"}],"author":[{"embeddable":true,"href":"https:\/\/etagdigital.com\/en\/wp-json\/wp\/v2\/users\/1"}],"replies":[{"embeddable":true,"href":"https:\/\/etagdigital.com\/en\/wp-json\/wp\/v2\/comments?post=12027"}],"version-history":[{"count":1,"href":"https:\/\/etagdigital.com\/en\/wp-json\/wp\/v2\/posts\/12027\/revisions"}],"predecessor-version":[{"id":12030,"href":"https:\/\/etagdigital.com\/en\/wp-json\/wp\/v2\/posts\/12027\/revisions\/12030"}],"wp:featuredmedia":[{"embeddable":true,"href":"https:\/\/etagdigital.com\/en\/wp-json\/wp\/v2\/media\/12028"}],"wp:attachment":[{"href":"https:\/\/etagdigital.com\/en\/wp-json\/wp\/v2\/media?parent=12027"}],"wp:term":[{"taxonomy":"category","embeddable":true,"href":"https:\/\/etagdigital.com\/en\/wp-json\/wp\/v2\/categories?post=12027"},{"taxonomy":"post_tag","embeddable":true,"href":"https:\/\/etagdigital.com\/en\/wp-json\/wp\/v2\/tags?post=12027"}],"curies":[{"name":"wp","href":"https:\/\/api.w.org\/{rel}","templated":true}]}}